{"id":29833,"date":"2022-09-26T15:38:00","date_gmt":"2022-09-26T13:38:00","guid":{"rendered":"https:\/\/naturzentrum-thurauen.ch\/?p=29833"},"modified":"2023-07-12T14:55:23","modified_gmt":"2023-07-12T12:55:23","slug":"strategie-de-survie-et-merveille-de-la-nature","status":"publish","type":"post","link":"https:\/\/naturzentrum-thurauen.ch\/fr\/strategie-de-survie-et-merveille-de-la-nature\/","title":{"rendered":"Strat\u00e9gie de survie et merveille de la nature"},"content":{"rendered":"\n<p><strong>Le moindre mal<\/strong><\/p>\n\n\n\n<p>Alors qu&rsquo;au printemps, l&rsquo;offre de nourriture dans les zones de reproduction est suffisante pour \u00e9lever les jeunes, en hiver, la p\u00e9nurie de nourriture est telle qu&rsquo;il vaut la peine, pour de nombreuses esp\u00e8ces d&rsquo;oiseaux, de prendre le risque de partir dans des r\u00e9gions plus chaudes.&nbsp;Mais en raison de l\u2019immense afflux, la concurrence y est si grande qu\u2019il n\u2019y a pas assez de nourriture au printemps pour \u00e9lever les jeunes \u2013 et il faut donc prendre le chemin du retour.<\/p>\n\n\n\n<figure class=\"wp-block-image size-large\"><img fetchpriority=\"high\" decoding=\"async\" width=\"768\" height=\"1024\" src=\"https:\/\/naturzentrum-thurauen.ch\/wp-content\/uploads\/sites\/3\/2022\/09\/Vogelzug_Grafik-768x1024.jpg\" alt=\"\" class=\"wp-image-28606\" srcset=\"https:\/\/naturzentrum-thurauen.ch\/wp-content\/uploads\/sites\/3\/2022\/09\/Vogelzug_Grafik-768x1024.jpg 768w, https:\/\/naturzentrum-thurauen.ch\/wp-content\/uploads\/sites\/3\/2022\/09\/Vogelzug_Grafik-225x300.jpg 225w, https:\/\/naturzentrum-thurauen.ch\/wp-content\/uploads\/sites\/3\/2022\/09\/Vogelzug_Grafik-300x400.jpg 300w, https:\/\/naturzentrum-thurauen.ch\/wp-content\/uploads\/sites\/3\/2022\/09\/Vogelzug_Grafik.jpg 828w\" sizes=\"(max-width: 768px) 100vw, 768px\" \/><figcaption><em>Itin\u00e9raires de migration de diverses esp\u00e8ces d\u2019oiseaux europ\u00e9ennes.(Source&nbsp;:&nbsp;<a href=\"https:\/\/www.madiba.de\/blog\/zugvoegel-im-winter\/\">https:\/\/www.madiba.de\/blog\/zugvoegel-im-winter\/<\/a><\/em>)<\/figcaption><\/figure>\n\n\n\n<div style=\"height:50px\" aria-hidden=\"true\" class=\"wp-block-spacer\"><\/div>\n\n\n\n<p><strong>La bonne voie<\/strong><\/p>\n\n\n\n<p>On n&rsquo;a pas encore pu \u00e9lucider compl\u00e8tement comment les oiseaux s\u2019orientent en chemin&nbsp;:&nbsp;ce sont sans doute principalement le champ magn\u00e9tique terrestre, le ciel \u00e9toil\u00e9 et la position du soleil qui les y aident, de m\u00eame que la m\u00e9morisation de rep\u00e8res tels que des fleuves ou des montagnes.&nbsp;Tandis que certains jeunes oiseaux apprennent le chemin de leurs parents, il est inscrit pour d\u2019autres dans leur patrimoine g\u00e9n\u00e9tique&nbsp;:&nbsp;ainsi, le coucou trouve la bonne voie m\u00eame s\u2019il a \u00e9t\u00e9 \u00e9lev\u00e9 par des oiseaux non migrateurs.<\/p>\n\n\n\n<div style=\"height:50px\" aria-hidden=\"true\" class=\"wp-block-spacer\"><\/div>\n\n\n\n<p><strong>Performances record<\/strong><\/p>\n\n\n\n<p>Afin d\u2019arriver \u00e0 destination le plus t\u00f4t possible, certains accomplissent de v\u00e9ritables prouesses&nbsp;:&nbsp;le plus long trajet de vol sans interruption jamais enregistr\u00e9 a \u00e9t\u00e9 parcouru par une barge rousse&nbsp;:&nbsp;en 2020, elle a vol\u00e9 12&nbsp;000 km en 224 heures sans escale.&nbsp;En moyenne, les oiseaux migrateurs volent environ 300 kilom\u00e8tres par jour.<\/p>\n\n\n\n<figure class=\"wp-block-image size-full\"><img decoding=\"async\" width=\"946\" height=\"709\" src=\"https:\/\/naturzentrum-thurauen.ch\/wp-content\/uploads\/sites\/3\/2022\/09\/Vogelzug_Flussregenpfeifer.jpg\" alt=\"\" class=\"wp-image-28603\" srcset=\"https:\/\/naturzentrum-thurauen.ch\/wp-content\/uploads\/sites\/3\/2022\/09\/Vogelzug_Flussregenpfeifer.jpg 946w, https:\/\/naturzentrum-thurauen.ch\/wp-content\/uploads\/sites\/3\/2022\/09\/Vogelzug_Flussregenpfeifer-300x225.jpg 300w, https:\/\/naturzentrum-thurauen.ch\/wp-content\/uploads\/sites\/3\/2022\/09\/Vogelzug_Flussregenpfeifer-768x576.jpg 768w\" sizes=\"(max-width: 946px) 100vw, 946px\" \/><figcaption><em>Petit gravelot \u2013 ce petit oiseau vole tous les ans plus de 10&nbsp;000 km.<\/em><\/figcaption><\/figure>\n\n\n\n<div style=\"height:50px\" aria-hidden=\"true\" class=\"wp-block-spacer\"><\/div>\n\n\n\n<p><strong>Les oiseaux migrateurs ont besoin de notre aide<\/strong><\/p>\n\n\n\n<p>Tous les oiseaux migrateurs ne poursuivent pas la m\u00eame strat\u00e9gie de migration&nbsp;:&nbsp;tandis que certaines esp\u00e8ces migrent sur de courtes distances vers le sud de l&rsquo;Europe ou l&rsquo;Afrique du nord, les migrateurs sur de longues distances effectuent un voyage de plusieurs milliers de kilom\u00e8tres.&nbsp;Parmi ces derniers compte le petit gravelot, qui niche dans les Thurauen&nbsp;:&nbsp;\u00e0 la mi-juillet d\u00e9j\u00e0, les premiers prennent le d\u00e9part pour parvenir \u00e0 temps dans la r\u00e9gion o\u00f9 ils passeront l\u2019hiver, au sud du Sahara.&nbsp;Mais ils n\u2019arriveront pas tous \u00e0 destination.&nbsp;Le voyage d\u00e9j\u00e0 p\u00e9rilleux en raison des obstacles naturels est rendu encore plus difficile par des influences humaines, telles que les constructions ou la pollution lumineuse.&nbsp;Afin d\u2019aider les oiseaux migrateurs pour leur voyage \u00e9prouvant, il est donc particuli\u00e8rement important de prot\u00e9ger les zones de repos. Mais on peut \u00e9galement faire bien des choses dans un cadre modeste&nbsp;:&nbsp;en \u00e9teignant davantage les lumi\u00e8res, on facilite l\u2019orientation des oiseaux, en collant des images sur les fen\u00eatres, on \u00e9vite les collisions, et un jardin naturel offrant beaucoup de nourriture fournit l\u2019\u00e9nergie n\u00e9cessaire.<\/p>\n","protected":false},"excerpt":{"rendered":"<p>Si d\u2019anciennes th\u00e9ories supposaient encore que les oiseaux passaient l\u2019hiver au fond des lacs, une cigogne blanche bless\u00e9e \u00e9claircit enfin la question en 1822 : l\u2019oiseau aper\u00e7u en Allemagne \u00e9tait encore transperc\u00e9 d\u2019une fl\u00e8che en bois africain. Cette \u00ab cigogne \u00e0 la fl\u00e8che \u00bb posa les premi\u00e8res bases de l\u2019\u00e9tude de la migration des oiseaux. Mais pourquoi tant d\u2019esp\u00e8ces d\u2019oiseaux entreprennent-elles donc ce dangereux voyage ?<\/p>\n","protected":false},"author":11,"featured_media":0,"comment_status":"closed","ping_status":"closed","sticky":false,"template":"","format":"standard","meta":{"site-sidebar-layout":"default","site-content-layout":"","ast-site-content-layout":"default","site-content-style":"default","site-sidebar-style":"default","ast-global-header-display":"","ast-banner-title-visibility":"","ast-main-header-display":"","ast-hfb-above-header-display":"","ast-hfb-below-header-display":"","ast-hfb-mobile-header-display":"","site-post-title":"","ast-breadcrumbs-content":"","ast-featured-img":"","footer-sml-layout":"","ast-disable-related-posts":"","theme-transparent-header-meta":"","adv-header-id-meta":"","stick-header-meta":"","header-above-stick-meta":"","header-main-stick-meta":"","header-below-stick-meta":"","astra-migrate-meta-layouts":"default","ast-page-background-enabled":"default","ast-page-background-meta":{"desktop":{"background-color":"var(--ast-global-color-4)","background-image":"","background-repeat":"repeat","background-position":"center center","background-size":"auto","background-attachment":"scroll","background-type":"","background-media":"","overlay-type":"","overlay-color":"","overlay-opacity":"","overlay-gradient":""},"tablet":{"background-color":"","background-image":"","background-repeat":"repeat","background-position":"center center","background-size":"auto","background-attachment":"scroll","background-type":"","background-media":"","overlay-type":"","overlay-color":"","overlay-opacity":"","overlay-gradient":""},"mobile":{"background-color":"","background-image":"","background-repeat":"repeat","background-position":"center center","background-size":"auto","background-attachment":"scroll","background-type":"","background-media":"","overlay-type":"","overlay-color":"","overlay-opacity":"","overlay-gradient":""}},"ast-content-background-meta":{"desktop":{"background-color":"var(--ast-global-color-5)","background-image":"","background-repeat":"repeat","background-position":"center center","background-size":"auto","background-attachment":"scroll","background-type":"","background-media":"","overlay-type":"","overlay-color":"","overlay-opacity":"","overlay-gradient":""},"tablet":{"background-color":"var(--ast-global-color-5)","background-image":"","background-repeat":"repeat","background-position":"center center","background-size":"auto","background-attachment":"scroll","background-type":"","background-media":"","overlay-type":"","overlay-color":"","overlay-opacity":"","overlay-gradient":""},"mobile":{"background-color":"var(--ast-global-color-5)","background-image":"","background-repeat":"repeat","background-position":"center center","background-size":"auto","background-attachment":"scroll","background-type":"","background-media":"","overlay-type":"","overlay-color":"","overlay-opacity":"","overlay-gradient":""}},"footnotes":""},"categories":[261],"tags":[],"class_list":["post-29833","post","type-post","status-publish","format-standard","hentry","category-flore-faune-suisse"],"_links":{"self":[{"href":"https:\/\/naturzentrum-thurauen.ch\/fr\/wp-json\/wp\/v2\/posts\/29833","targetHints":{"allow":["GET"]}}],"collection":[{"href":"https:\/\/naturzentrum-thurauen.ch\/fr\/wp-json\/wp\/v2\/posts"}],"about":[{"href":"https:\/\/naturzentrum-thurauen.ch\/fr\/wp-json\/wp\/v2\/types\/post"}],"author":[{"embeddable":true,"href":"https:\/\/naturzentrum-thurauen.ch\/fr\/wp-json\/wp\/v2\/users\/11"}],"replies":[{"embeddable":true,"href":"https:\/\/naturzentrum-thurauen.ch\/fr\/wp-json\/wp\/v2\/comments?post=29833"}],"version-history":[{"count":3,"href":"https:\/\/naturzentrum-thurauen.ch\/fr\/wp-json\/wp\/v2\/posts\/29833\/revisions"}],"predecessor-version":[{"id":30102,"href":"https:\/\/naturzentrum-thurauen.ch\/fr\/wp-json\/wp\/v2\/posts\/29833\/revisions\/30102"}],"wp:attachment":[{"href":"https:\/\/naturzentrum-thurauen.ch\/fr\/wp-json\/wp\/v2\/media?parent=29833"}],"wp:term":[{"taxonomy":"category","embeddable":true,"href":"https:\/\/naturzentrum-thurauen.ch\/fr\/wp-json\/wp\/v2\/categories?post=29833"},{"taxonomy":"post_tag","embeddable":true,"href":"https:\/\/naturzentrum-thurauen.ch\/fr\/wp-json\/wp\/v2\/tags?post=29833"}],"curies":[{"name":"wp","href":"https:\/\/api.w.org\/{rel}","templated":true}]}}