{"id":29831,"date":"2022-08-15T15:24:00","date_gmt":"2022-08-15T13:24:00","guid":{"rendered":"https:\/\/naturzentrum-thurauen.ch\/?p=29831"},"modified":"2022-10-07T15:37:37","modified_gmt":"2022-10-07T13:37:37","slug":"les-consequences-de-la-chaleur-et-de-la-secheresse","status":"publish","type":"post","link":"https:\/\/naturzentrum-thurauen.ch\/fr\/les-consequences-de-la-chaleur-et-de-la-secheresse\/","title":{"rendered":"Les cons\u00e9quences de la chaleur et de la s\u00e9cheresse"},"content":{"rendered":"\n<figure class=\"wp-block-image size-full\"><img fetchpriority=\"high\" decoding=\"async\" width=\"962\" height=\"721\" src=\"https:\/\/naturzentrum-thurauen.ch\/wp-content\/uploads\/sites\/3\/2022\/08\/Flussbett_quer.jpg\" alt=\"\" class=\"wp-image-27967\" srcset=\"https:\/\/naturzentrum-thurauen.ch\/wp-content\/uploads\/sites\/3\/2022\/08\/Flussbett_quer.jpg 962w, https:\/\/naturzentrum-thurauen.ch\/wp-content\/uploads\/sites\/3\/2022\/08\/Flussbett_quer-300x225.jpg 300w, https:\/\/naturzentrum-thurauen.ch\/wp-content\/uploads\/sites\/3\/2022\/08\/Flussbett_quer-768x576.jpg 768w\" sizes=\"(max-width: 962px) 100vw, 962px\" \/><figcaption><em>La Thur le 14\/8\/2022 avec un faible d\u00e9bit de 4 m<sup>3<\/sup>\/s.<\/em><\/figcaption><\/figure>\n\n\n\n<div style=\"height:50px\" aria-hidden=\"true\" class=\"wp-block-spacer\"><\/div>\n\n\n\n<p><strong>Les statistiques confirment l\u2019\u00e9t\u00e9 caniculaire<\/strong><\/p>\n\n\n\n<p>Le mois de juin se pla\u00e7ait deuxi\u00e8me et le mois de juillet quatri\u00e8me parmi les mois les plus chauds depuis le d\u00e9but des enregistrements en 1864.\u00a0Le nombre d\u2019heures d\u2019ensoleillement \u00e9galement est nettement sup\u00e9rieur, et la quantit\u00e9 des pr\u00e9cipitations inf\u00e9rieure \u00e0 la norme.\u00a0Au centre nature, nous relevons hebdomadairement le niveau de la nappe phr\u00e9atique sur le sentier de d\u00e9couverte.\u00a0L\u00e0 encore, nous pouvons confirmer\u00a0\u00a0que nous avons mesur\u00e9 ce mois de juin le niveau le plus bas de la nappe phr\u00e9atique depuis 2012.<\/p>\n\n\n\n<figure class=\"wp-block-image size-large\"><img decoding=\"async\" width=\"1024\" height=\"424\" src=\"https:\/\/naturzentrum-thurauen.ch\/wp-content\/uploads\/sites\/3\/2022\/08\/Grundwasserpegel_EP-1024x424.png\" alt=\"\" class=\"wp-image-27964\" srcset=\"https:\/\/naturzentrum-thurauen.ch\/wp-content\/uploads\/sites\/3\/2022\/08\/Grundwasserpegel_EP-1024x424.png 1024w, https:\/\/naturzentrum-thurauen.ch\/wp-content\/uploads\/sites\/3\/2022\/08\/Grundwasserpegel_EP-300x124.png 300w, https:\/\/naturzentrum-thurauen.ch\/wp-content\/uploads\/sites\/3\/2022\/08\/Grundwasserpegel_EP-768x318.png 768w, https:\/\/naturzentrum-thurauen.ch\/wp-content\/uploads\/sites\/3\/2022\/08\/Grundwasserpegel_EP-1536x635.png 1536w, https:\/\/naturzentrum-thurauen.ch\/wp-content\/uploads\/sites\/3\/2022\/08\/Grundwasserpegel_EP-2048x847.png 2048w\" sizes=\"(max-width: 1024px) 100vw, 1024px\" \/><figcaption><em>\u00c9volution du niveau de la nappe phr\u00e9atique sur le sentier de d\u00e9couverte du centre nature Thurauen<\/em><\/figcaption><\/figure>\n\n\n\n<div style=\"height:50px\" aria-hidden=\"true\" class=\"wp-block-spacer\"><\/div>\n\n\n\n<p>Qui pense que ces observations ne sont qu\u2019un pur hasard fait erreur.\u00a0Cela fait des dizaines d\u2019ann\u00e9es d\u00e9j\u00e0 que les scientifiques nous mettent en garde contre les cons\u00e9quences de la crise du climat provoqu\u00e9e par l\u2019homme.Avec un r\u00e9chauffement mondial actuel de 1,2\u00a0\u00b0C par rapport \u00e0 l&rsquo;\u00e8re pr\u00e9industrielle, les cons\u00e9quences se font clairement sentir en Suisse aussi.\u00a0Le nombre des journ\u00e9es de canicule a fortement augment\u00e9 \u2013 on enregistre tout \u00e0 la fois une plus grande fr\u00e9quence des p\u00e9riodes de s\u00e9cheresse et des pr\u00e9cipitations fortes.\u00a0\u00a0<\/p>\n\n\n\n<figure class=\"wp-block-image size-large\"><img decoding=\"async\" width=\"1024\" height=\"353\" src=\"https:\/\/naturzentrum-thurauen.ch\/wp-content\/uploads\/sites\/3\/2022\/08\/Anzahl_Hitzetage-1024x353.png\" alt=\"\" class=\"wp-image-27961\" srcset=\"https:\/\/naturzentrum-thurauen.ch\/wp-content\/uploads\/sites\/3\/2022\/08\/Anzahl_Hitzetage-1024x353.png 1024w, https:\/\/naturzentrum-thurauen.ch\/wp-content\/uploads\/sites\/3\/2022\/08\/Anzahl_Hitzetage-300x104.png 300w, https:\/\/naturzentrum-thurauen.ch\/wp-content\/uploads\/sites\/3\/2022\/08\/Anzahl_Hitzetage-768x265.png 768w, https:\/\/naturzentrum-thurauen.ch\/wp-content\/uploads\/sites\/3\/2022\/08\/Anzahl_Hitzetage.png 1179w\" sizes=\"(max-width: 1024px) 100vw, 1024px\" \/><figcaption><em>Nombre de jours de canicule (temp\u00e9rature maximale de 30\u00a0\u00b0C ou plus)\u00a0(Source\u00a0:\u00a0Office f\u00e9d\u00e9ral de l\u2019environnement OFEV)<\/em><\/figcaption><\/figure>\n\n\n\n<div style=\"height:50px\" aria-hidden=\"true\" class=\"wp-block-spacer\"><\/div>\n\n\n\n<p><strong>La flore et la faune souffrent<\/strong><\/p>\n\n\n\n<p>La chaleur et la s\u00e9cheresse n\u2019affectent pas seulement les hommes, avec des troubles de la sant\u00e9, des d\u00e9c\u00e8s dus \u00e0 la chaleur, des probl\u00e8mes d\u2019irrigation et la menace des incendies de for\u00eat.\u00a0Les plantes et les animaux \u00e9galement en souffrent.\u00a0Tandis que les incendies de for\u00eat d\u00e9truisent des \u00e9cosyst\u00e8mes entiers, des poissons meurent par manque d\u2019oxyg\u00e8ne.\u00a0Cette mortalit\u00e9 des poissons peut actuellement aussi \u00eatre observ\u00e9e \u00e0 l\u2019occasion dans la Thur et le Rhin.\u00a0La fonction de protection climatique des plantes, qui peuvent lier le dioxyde de carbone \u00e0 effet de serre, est \u00e9galement perturb\u00e9e par la chaleur.\u00a0\u00a0Lorsqu\u2019il fait plus chaud, les plantes lib\u00e8rent davantage d\u2019eau par les pores des feuilles, et l\u2019\u00e9vaporation augmente.\u00a0En cas de s\u00e9cheresse, en revanche, ces pores se ferment pour \u00e9conomiser l\u2019eau, et le dioxyde de carbone, un \u00e9l\u00e9ment n\u00e9cessaire pour la photosynth\u00e8se essentielle, n\u2019est plus capt\u00e9.\u00a0Les plantes peuvent r\u00e9agir \u00e0 cette situation en perdant des feuilles ou en amor\u00e7ant pr\u00e9matur\u00e9ment la coloration automnale et la chute des feuilles.<\/p>\n\n\n\n<figure class=\"wp-block-image size-full\"><img loading=\"lazy\" decoding=\"async\" width=\"721\" height=\"541\" src=\"https:\/\/naturzentrum-thurauen.ch\/wp-content\/uploads\/sites\/3\/2022\/08\/Wald_quer.jpg\" alt=\"\" class=\"wp-image-27958\" srcset=\"https:\/\/naturzentrum-thurauen.ch\/wp-content\/uploads\/sites\/3\/2022\/08\/Wald_quer.jpg 721w, https:\/\/naturzentrum-thurauen.ch\/wp-content\/uploads\/sites\/3\/2022\/08\/Wald_quer-300x225.jpg 300w\" sizes=\"(max-width: 721px) 100vw, 721px\" \/><figcaption><em>Impressions tout \u00e0 fait automnales dans les Thurauen en plein \u00e9t\u00e9\u00a0!\u00a0(Photo prise d\u00e9but ao\u00fbt 2022)<\/em><\/figcaption><\/figure>\n\n\n\n<div style=\"height:50px\" aria-hidden=\"true\" class=\"wp-block-spacer\"><\/div>\n\n\n\n<p><strong>Des id\u00e9es motivantes pour la protection du climat<\/strong><\/p>\n\n\n\n<p>Il y a une foule d\u2019id\u00e9es et d\u2019options pour contrer ces cons\u00e9quences du changement climatique, de m\u00eame que pour en combattre les causes.\u00a0Certaines d\u2019entre elles proviennent \u00e9galement des visiteurs et visiteuses du centre nature Thurauen.\u00a0Au cours de leur visite, ils ont not\u00e9 sur une fiche leur contribution personnelle \u00e0 la protection du climat et de l\u2019environnement.\u00a0Le centre nature accroche ensuite ces fiches dans la partie de notre<em>\u00a0nouvelle exposition consacr\u00e9e \u00e0 l&rsquo;importance des \u00e9cosyst\u00e8mes intacts pour l&rsquo;homme,\u00a0<\/em>en les renouvelant r\u00e9guli\u00e8rement au fil du temps\u00a0:\u00a0parler avec d\u2019autres personnes de probl\u00e8mes environnementaux, devenir v\u00e9g\u00e9tarien\u00b7ne, demander des transports publics gratuits ou bricoler une maison pour abeilles \u2013 les id\u00e9es sont nombreuses, et il n\u2019est pas question d\u2019abandonner la partie, car il s\u2019agit de notre habitat tout comme de celui de bien d\u2019autres \u00eatres vivants.\u00a0<\/p>\n\n\n\n<figure class=\"wp-block-image size-full\"><img loading=\"lazy\" decoding=\"async\" width=\"585\" height=\"779\" src=\"https:\/\/naturzentrum-thurauen.ch\/wp-content\/uploads\/sites\/3\/2022\/08\/Ausstellung_bearb.jpg\" alt=\"\" class=\"wp-image-27955\" srcset=\"https:\/\/naturzentrum-thurauen.ch\/wp-content\/uploads\/sites\/3\/2022\/08\/Ausstellung_bearb.jpg 585w, https:\/\/naturzentrum-thurauen.ch\/wp-content\/uploads\/sites\/3\/2022\/08\/Ausstellung_bearb-225x300.jpg 225w, https:\/\/naturzentrum-thurauen.ch\/wp-content\/uploads\/sites\/3\/2022\/08\/Ausstellung_bearb-300x400.jpg 300w\" sizes=\"(max-width: 585px) 100vw, 585px\" \/><figcaption><em>La protection de l\u2019environnement tient \u00e0 c\u0153ur aux visiteurs et visiteuses du centre nature Thurauen.\u00a0Ils ont beaucoup d\u2019id\u00e9es de ce qu\u2019ils peuvent contribuer personnellement, et les notent sur des fiches de couleur qui sont ensuite accroch\u00e9es.<\/em><\/figcaption><\/figure>\n","protected":false},"excerpt":{"rendered":"<p>Le temps chaud et sec laisse ses traces, dans les Thurauen comme ailleurs. En plein \u00e9t\u00e9 d\u00e9j\u00e0, on a presque l\u2019impression d\u2019\u00eatre en automne lorsque l\u2019on se prom\u00e8ne dans le paysage alluvial \u2013 feuilles mortes, arbres d\u00e9garnis et baies d\u00e9j\u00e0 m\u00fbres.<\/p>\n","protected":false},"author":11,"featured_media":0,"comment_status":"closed","ping_status":"closed","sticky":false,"template":"","format":"standard","meta":{"site-sidebar-layout":"default","site-content-layout":"","ast-site-content-layout":"default","site-content-style":"default","site-sidebar-style":"default","ast-global-header-display":"","ast-banner-title-visibility":"","ast-main-header-display":"","ast-hfb-above-header-display":"","ast-hfb-below-header-display":"","ast-hfb-mobile-header-display":"","site-post-title":"","ast-breadcrumbs-content":"","ast-featured-img":"","footer-sml-layout":"","ast-disable-related-posts":"","theme-transparent-header-meta":"","adv-header-id-meta":"","stick-header-meta":"","header-above-stick-meta":"","header-main-stick-meta":"","header-below-stick-meta":"","astra-migrate-meta-layouts":"default","ast-page-background-enabled":"default","ast-page-background-meta":{"desktop":{"background-color":"var(--ast-global-color-4)","background-image":"","background-repeat":"repeat","background-position":"center center","background-size":"auto","background-attachment":"scroll","background-type":"","background-media":"","overlay-type":"","overlay-color":"","overlay-opacity":"","overlay-gradient":""},"tablet":{"background-color":"","background-image":"","background-repeat":"repeat","background-position":"center center","background-size":"auto","background-attachment":"scroll","background-type":"","background-media":"","overlay-type":"","overlay-color":"","overlay-opacity":"","overlay-gradient":""},"mobile":{"background-color":"","background-image":"","background-repeat":"repeat","background-position":"center center","background-size":"auto","background-attachment":"scroll","background-type":"","background-media":"","overlay-type":"","overlay-color":"","overlay-opacity":"","overlay-gradient":""}},"ast-content-background-meta":{"desktop":{"background-color":"var(--ast-global-color-5)","background-image":"","background-repeat":"repeat","background-position":"center center","background-size":"auto","background-attachment":"scroll","background-type":"","background-media":"","overlay-type":"","overlay-color":"","overlay-opacity":"","overlay-gradient":""},"tablet":{"background-color":"var(--ast-global-color-5)","background-image":"","background-repeat":"repeat","background-position":"center center","background-size":"auto","background-attachment":"scroll","background-type":"","background-media":"","overlay-type":"","overlay-color":"","overlay-opacity":"","overlay-gradient":""},"mobile":{"background-color":"var(--ast-global-color-5)","background-image":"","background-repeat":"repeat","background-position":"center center","background-size":"auto","background-attachment":"scroll","background-type":"","background-media":"","overlay-type":"","overlay-color":"","overlay-opacity":"","overlay-gradient":""}},"footnotes":""},"categories":[258,261],"tags":[],"class_list":["post-29831","post","type-post","status-publish","format-standard","hentry","category-centre-nature-thurauen","category-flore-faune-suisse"],"_links":{"self":[{"href":"https:\/\/naturzentrum-thurauen.ch\/fr\/wp-json\/wp\/v2\/posts\/29831","targetHints":{"allow":["GET"]}}],"collection":[{"href":"https:\/\/naturzentrum-thurauen.ch\/fr\/wp-json\/wp\/v2\/posts"}],"about":[{"href":"https:\/\/naturzentrum-thurauen.ch\/fr\/wp-json\/wp\/v2\/types\/post"}],"author":[{"embeddable":true,"href":"https:\/\/naturzentrum-thurauen.ch\/fr\/wp-json\/wp\/v2\/users\/11"}],"replies":[{"embeddable":true,"href":"https:\/\/naturzentrum-thurauen.ch\/fr\/wp-json\/wp\/v2\/comments?post=29831"}],"version-history":[{"count":1,"href":"https:\/\/naturzentrum-thurauen.ch\/fr\/wp-json\/wp\/v2\/posts\/29831\/revisions"}],"predecessor-version":[{"id":29832,"href":"https:\/\/naturzentrum-thurauen.ch\/fr\/wp-json\/wp\/v2\/posts\/29831\/revisions\/29832"}],"wp:attachment":[{"href":"https:\/\/naturzentrum-thurauen.ch\/fr\/wp-json\/wp\/v2\/media?parent=29831"}],"wp:term":[{"taxonomy":"category","embeddable":true,"href":"https:\/\/naturzentrum-thurauen.ch\/fr\/wp-json\/wp\/v2\/categories?post=29831"},{"taxonomy":"post_tag","embeddable":true,"href":"https:\/\/naturzentrum-thurauen.ch\/fr\/wp-json\/wp\/v2\/tags?post=29831"}],"curies":[{"name":"wp","href":"https:\/\/api.w.org\/{rel}","templated":true}]}}