{"id":29268,"date":"2022-03-22T15:26:00","date_gmt":"2022-03-22T14:26:00","guid":{"rendered":"https:\/\/naturzentrum-thurauen.ch\/?p=29268"},"modified":"2022-10-06T10:54:13","modified_gmt":"2022-10-06T08:54:13","slug":"decouvrir-du-nouveau-au-centre-nature","status":"publish","type":"post","link":"https:\/\/naturzentrum-thurauen.ch\/fr\/decouvrir-du-nouveau-au-centre-nature\/","title":{"rendered":"D\u00e9couvrir du nouveau au centre nature"},"content":{"rendered":"\n<div style=\"height:50px\" aria-hidden=\"true\" class=\"wp-block-spacer\"><\/div>\n\n\n\n<div class=\"wp-block-group is-nowrap is-layout-flex wp-container-core-group-is-layout-6c531013 wp-block-group-is-layout-flex\">\n<figure class=\"wp-block-image size-large\"><img fetchpriority=\"high\" decoding=\"async\" width=\"683\" height=\"1024\" src=\"https:\/\/naturzentrum-thurauen.ch\/wp-content\/uploads\/sites\/3\/2022\/03\/IMG_6886-scaled-683x1024.jpg\" alt=\"\" class=\"wp-image-25563\" srcset=\"https:\/\/naturzentrum-thurauen.ch\/wp-content\/uploads\/sites\/3\/2022\/03\/IMG_6886-scaled-683x1024.jpg 683w, https:\/\/naturzentrum-thurauen.ch\/wp-content\/uploads\/sites\/3\/2022\/03\/IMG_6886-scaled-200x300.jpg 200w, https:\/\/naturzentrum-thurauen.ch\/wp-content\/uploads\/sites\/3\/2022\/03\/IMG_6886-scaled-768x1152.jpg 768w, https:\/\/naturzentrum-thurauen.ch\/wp-content\/uploads\/sites\/3\/2022\/03\/IMG_6886-scaled-1024x1536.jpg 1024w, https:\/\/naturzentrum-thurauen.ch\/wp-content\/uploads\/sites\/3\/2022\/03\/IMG_6886-scaled-1366x2048.jpg 1366w, https:\/\/naturzentrum-thurauen.ch\/wp-content\/uploads\/sites\/3\/2022\/03\/IMG_6886-scaled.jpg 1707w\" sizes=\"(max-width: 683px) 100vw, 683px\" \/><\/figure>\n\n\n\n<figure class=\"wp-block-image size-large\"><img decoding=\"async\" width=\"683\" height=\"1024\" src=\"https:\/\/naturzentrum-thurauen.ch\/wp-content\/uploads\/sites\/3\/2022\/03\/IMG_6877-scaled-683x1024.jpg\" alt=\"\" class=\"wp-image-25539\" srcset=\"https:\/\/naturzentrum-thurauen.ch\/wp-content\/uploads\/sites\/3\/2022\/03\/IMG_6877-scaled-683x1024.jpg 683w, https:\/\/naturzentrum-thurauen.ch\/wp-content\/uploads\/sites\/3\/2022\/03\/IMG_6877-scaled-200x300.jpg 200w, https:\/\/naturzentrum-thurauen.ch\/wp-content\/uploads\/sites\/3\/2022\/03\/IMG_6877-scaled-768x1152.jpg 768w, https:\/\/naturzentrum-thurauen.ch\/wp-content\/uploads\/sites\/3\/2022\/03\/IMG_6877-scaled-1024x1536.jpg 1024w, https:\/\/naturzentrum-thurauen.ch\/wp-content\/uploads\/sites\/3\/2022\/03\/IMG_6877-scaled-1366x2048.jpg 1366w, https:\/\/naturzentrum-thurauen.ch\/wp-content\/uploads\/sites\/3\/2022\/03\/IMG_6877-scaled.jpg 1707w\" sizes=\"(max-width: 683px) 100vw, 683px\" \/><\/figure>\n<\/div>\n\n\n\n<p>Inauguration solennelle de la nouvelle passerelle en bois qui conduit comme sentier de d\u00e9couverte \u00e0 travers la petite for\u00eat alluviale \u00e0 c\u00f4t\u00e9 du centre nature<\/p>\n\n\n\n<div style=\"height:50px\" aria-hidden=\"true\" class=\"wp-block-spacer\"><\/div>\n\n\n\n<figure class=\"wp-block-image size-large\"><img decoding=\"async\" width=\"1024\" height=\"683\" src=\"https:\/\/naturzentrum-thurauen.ch\/wp-content\/uploads\/sites\/3\/2022\/03\/IMG_6897-scaled-1024x683.jpg\" alt=\"\" class=\"wp-image-25560\" srcset=\"https:\/\/naturzentrum-thurauen.ch\/wp-content\/uploads\/sites\/3\/2022\/03\/IMG_6897-scaled-1024x683.jpg 1024w, https:\/\/naturzentrum-thurauen.ch\/wp-content\/uploads\/sites\/3\/2022\/03\/IMG_6897-scaled-300x200.jpg 300w, https:\/\/naturzentrum-thurauen.ch\/wp-content\/uploads\/sites\/3\/2022\/03\/IMG_6897-scaled-768x512.jpg 768w, https:\/\/naturzentrum-thurauen.ch\/wp-content\/uploads\/sites\/3\/2022\/03\/IMG_6897-scaled-391x260.jpg 391w, https:\/\/naturzentrum-thurauen.ch\/wp-content\/uploads\/sites\/3\/2022\/03\/IMG_6897-scaled-1536x1024.jpg 1536w, https:\/\/naturzentrum-thurauen.ch\/wp-content\/uploads\/sites\/3\/2022\/03\/IMG_6897-scaled-2048x1366.jpg 2048w\" sizes=\"(max-width: 1024px) 100vw, 1024px\" \/><figcaption><em>La petite for\u00eat alluviale avec sentier de d\u00e9couverte vue d\u2019en haut, depuis la tour et la passerelle a\u00e9rienne<\/em><\/figcaption><\/figure>\n\n\n\n<div style=\"height:50px\" aria-hidden=\"true\" class=\"wp-block-spacer\"><\/div>\n\n\n\n<figure class=\"wp-block-image size-large\"><img loading=\"lazy\" decoding=\"async\" width=\"1024\" height=\"683\" src=\"https:\/\/naturzentrum-thurauen.ch\/wp-content\/uploads\/sites\/3\/2022\/03\/IMG_6904-scaled-1024x683.jpg\" alt=\"\" class=\"wp-image-25557\" srcset=\"https:\/\/naturzentrum-thurauen.ch\/wp-content\/uploads\/sites\/3\/2022\/03\/IMG_6904-scaled-1024x683.jpg 1024w, https:\/\/naturzentrum-thurauen.ch\/wp-content\/uploads\/sites\/3\/2022\/03\/IMG_6904-scaled-300x200.jpg 300w, https:\/\/naturzentrum-thurauen.ch\/wp-content\/uploads\/sites\/3\/2022\/03\/IMG_6904-scaled-768x512.jpg 768w, https:\/\/naturzentrum-thurauen.ch\/wp-content\/uploads\/sites\/3\/2022\/03\/IMG_6904-scaled-391x260.jpg 391w, https:\/\/naturzentrum-thurauen.ch\/wp-content\/uploads\/sites\/3\/2022\/03\/IMG_6904-scaled-1536x1024.jpg 1536w, https:\/\/naturzentrum-thurauen.ch\/wp-content\/uploads\/sites\/3\/2022\/03\/IMG_6904-scaled-2048x1366.jpg 2048w\" sizes=\"(max-width: 1024px) 100vw, 1024px\" \/><figcaption><em>La passerelle en bois r\u00e9nov\u00e9e est mise \u00e0 l\u2019essai lors d\u2019une randonn\u00e9e<\/em><\/figcaption><\/figure>\n\n\n\n<div style=\"height:50px\" aria-hidden=\"true\" class=\"wp-block-spacer\"><\/div>\n\n\n\n<div class=\"wp-block-group is-nowrap is-layout-flex wp-container-core-group-is-layout-6c531013 wp-block-group-is-layout-flex\">\n<figure class=\"wp-block-image size-large\"><img loading=\"lazy\" decoding=\"async\" width=\"683\" height=\"1024\" src=\"https:\/\/naturzentrum-thurauen.ch\/wp-content\/uploads\/sites\/3\/2022\/03\/IMG_6919-scaled-683x1024.jpg\" alt=\"\" class=\"wp-image-25545\" srcset=\"https:\/\/naturzentrum-thurauen.ch\/wp-content\/uploads\/sites\/3\/2022\/03\/IMG_6919-scaled-683x1024.jpg 683w, https:\/\/naturzentrum-thurauen.ch\/wp-content\/uploads\/sites\/3\/2022\/03\/IMG_6919-scaled-200x300.jpg 200w, https:\/\/naturzentrum-thurauen.ch\/wp-content\/uploads\/sites\/3\/2022\/03\/IMG_6919-scaled-768x1152.jpg 768w, https:\/\/naturzentrum-thurauen.ch\/wp-content\/uploads\/sites\/3\/2022\/03\/IMG_6919-scaled-1024x1536.jpg 1024w, https:\/\/naturzentrum-thurauen.ch\/wp-content\/uploads\/sites\/3\/2022\/03\/IMG_6919-scaled-1366x2048.jpg 1366w, https:\/\/naturzentrum-thurauen.ch\/wp-content\/uploads\/sites\/3\/2022\/03\/IMG_6919-scaled.jpg 1707w\" sizes=\"(max-width: 683px) 100vw, 683px\" \/><\/figure>\n\n\n\n<figure class=\"wp-block-image size-large\"><img loading=\"lazy\" decoding=\"async\" width=\"683\" height=\"1024\" src=\"https:\/\/naturzentrum-thurauen.ch\/wp-content\/uploads\/sites\/3\/2022\/03\/IMG_6914-scaled-683x1024.jpg\" alt=\"\" class=\"wp-image-25551\" srcset=\"https:\/\/naturzentrum-thurauen.ch\/wp-content\/uploads\/sites\/3\/2022\/03\/IMG_6914-scaled-683x1024.jpg 683w, https:\/\/naturzentrum-thurauen.ch\/wp-content\/uploads\/sites\/3\/2022\/03\/IMG_6914-scaled-200x300.jpg 200w, https:\/\/naturzentrum-thurauen.ch\/wp-content\/uploads\/sites\/3\/2022\/03\/IMG_6914-scaled-768x1152.jpg 768w, https:\/\/naturzentrum-thurauen.ch\/wp-content\/uploads\/sites\/3\/2022\/03\/IMG_6914-scaled-1024x1536.jpg 1024w, https:\/\/naturzentrum-thurauen.ch\/wp-content\/uploads\/sites\/3\/2022\/03\/IMG_6914-scaled-1366x2048.jpg 1366w, https:\/\/naturzentrum-thurauen.ch\/wp-content\/uploads\/sites\/3\/2022\/03\/IMG_6914-scaled.jpg 1707w\" sizes=\"(max-width: 683px) 100vw, 683px\" \/><\/figure>\n<\/div>\n\n\n\n<p>Qu\u2019y a-t-il de passionnant \u00e0 d\u00e9couvrir et \u00e0 apprendre ici&nbsp;?<\/p>\n\n\n\n<div style=\"height:50px\" aria-hidden=\"true\" class=\"wp-block-spacer\"><\/div>\n\n\n\n<figure class=\"wp-block-image size-full\"><img loading=\"lazy\" decoding=\"async\" width=\"1024\" height=\"768\" src=\"https:\/\/naturzentrum-thurauen.ch\/wp-content\/uploads\/sites\/3\/2022\/03\/WhatsApp-Image-2022-03-19-at-16.36.52.jpeg\" alt=\"\" class=\"wp-image-25530\" srcset=\"https:\/\/naturzentrum-thurauen.ch\/wp-content\/uploads\/sites\/3\/2022\/03\/WhatsApp-Image-2022-03-19-at-16.36.52.jpeg 1024w, https:\/\/naturzentrum-thurauen.ch\/wp-content\/uploads\/sites\/3\/2022\/03\/WhatsApp-Image-2022-03-19-at-16.36.52-300x225.jpeg 300w, https:\/\/naturzentrum-thurauen.ch\/wp-content\/uploads\/sites\/3\/2022\/03\/WhatsApp-Image-2022-03-19-at-16.36.52-768x576.jpeg 768w\" sizes=\"(max-width: 1024px) 100vw, 1024px\" \/><figcaption><em>L\u2019espace de jeux \u00e9ducatif n\u2019enchante pas seulement les enfants<\/em><\/figcaption><\/figure>\n\n\n\n<div style=\"height:50px\" aria-hidden=\"true\" class=\"wp-block-spacer\"><\/div>\n\n\n\n<figure class=\"wp-block-image size-large\"><img loading=\"lazy\" decoding=\"async\" width=\"1024\" height=\"683\" src=\"https:\/\/naturzentrum-thurauen.ch\/wp-content\/uploads\/sites\/3\/2022\/03\/IMG_6853-scaled-1024x683.jpg\" alt=\"\" class=\"wp-image-25569\" srcset=\"https:\/\/naturzentrum-thurauen.ch\/wp-content\/uploads\/sites\/3\/2022\/03\/IMG_6853-scaled-1024x683.jpg 1024w, https:\/\/naturzentrum-thurauen.ch\/wp-content\/uploads\/sites\/3\/2022\/03\/IMG_6853-scaled-300x200.jpg 300w, https:\/\/naturzentrum-thurauen.ch\/wp-content\/uploads\/sites\/3\/2022\/03\/IMG_6853-scaled-768x512.jpg 768w, https:\/\/naturzentrum-thurauen.ch\/wp-content\/uploads\/sites\/3\/2022\/03\/IMG_6853-scaled-391x260.jpg 391w, https:\/\/naturzentrum-thurauen.ch\/wp-content\/uploads\/sites\/3\/2022\/03\/IMG_6853-scaled-1536x1024.jpg 1536w, https:\/\/naturzentrum-thurauen.ch\/wp-content\/uploads\/sites\/3\/2022\/03\/IMG_6853-scaled-2048x1366.jpg 2048w\" sizes=\"(max-width: 1024px) 100vw, 1024px\" \/><figcaption><em>Aper\u00e7u de la nouvelle partie de l\u2019exposition consacr\u00e9e aux services \u00e9cosyst\u00e9miques<\/em><\/figcaption><\/figure>\n\n\n\n<div style=\"height:50px\" aria-hidden=\"true\" class=\"wp-block-spacer\"><\/div>\n\n\n\n<p>Nous nous r\u00e9jouissons de vous accueillir&nbsp;! Vous trouverez ici nos heures d\u2019ouverture, ainsi que des renseignements compl\u00e9mentaires.<\/p>\n","protected":false},"excerpt":{"rendered":"<p>Le centre nature Thurauen a ouvert la nouvelle saison le 20 mai. La veille d\u00e9j\u00e0, nous avons solennellement inaugur\u00e9 notre \u00ab cadeau d\u2019anniversaire \u00bb avec nos partenaires de projet et les personnes qui nous soutiennent : \u00e0 l\u2019occasion du 10e anniversaire du centre nature, le sentier de d\u00e9couverte a \u00e9t\u00e9 enti\u00e8rement renouvel\u00e9 pendant les mois d\u2019hiver, un nouvel espace de jeux \u00e9ducatif a \u00e9t\u00e9 cr\u00e9\u00e9 \u00e0 la place de l\u2019aire pour groupes, et une extension de l\u2019exposition consacr\u00e9e aux \u00ab services \u00e9cosyst\u00e9miques \u00bb a \u00e9t\u00e9 am\u00e9nag\u00e9e sur la terrasse.<\/p>\n","protected":false},"author":11,"featured_media":0,"comment_status":"closed","ping_status":"closed","sticky":false,"template":"","format":"standard","meta":{"site-sidebar-layout":"default","site-content-layout":"","ast-site-content-layout":"default","site-content-style":"default","site-sidebar-style":"default","ast-global-header-display":"","ast-banner-title-visibility":"","ast-main-header-display":"","ast-hfb-above-header-display":"","ast-hfb-below-header-display":"","ast-hfb-mobile-header-display":"","site-post-title":"","ast-breadcrumbs-content":"","ast-featured-img":"","footer-sml-layout":"","ast-disable-related-posts":"","theme-transparent-header-meta":"","adv-header-id-meta":"","stick-header-meta":"","header-above-stick-meta":"","header-main-stick-meta":"","header-below-stick-meta":"","astra-migrate-meta-layouts":"default","ast-page-background-enabled":"default","ast-page-background-meta":{"desktop":{"background-color":"var(--ast-global-color-4)","background-image":"","background-repeat":"repeat","background-position":"center center","background-size":"auto","background-attachment":"scroll","background-type":"","background-media":"","overlay-type":"","overlay-color":"","overlay-opacity":"","overlay-gradient":""},"tablet":{"background-color":"","background-image":"","background-repeat":"repeat","background-position":"center center","background-size":"auto","background-attachment":"scroll","background-type":"","background-media":"","overlay-type":"","overlay-color":"","overlay-opacity":"","overlay-gradient":""},"mobile":{"background-color":"","background-image":"","background-repeat":"repeat","background-position":"center center","background-size":"auto","background-attachment":"scroll","background-type":"","background-media":"","overlay-type":"","overlay-color":"","overlay-opacity":"","overlay-gradient":""}},"ast-content-background-meta":{"desktop":{"background-color":"var(--ast-global-color-5)","background-image":"","background-repeat":"repeat","background-position":"center center","background-size":"auto","background-attachment":"scroll","background-type":"","background-media":"","overlay-type":"","overlay-color":"","overlay-opacity":"","overlay-gradient":""},"tablet":{"background-color":"var(--ast-global-color-5)","background-image":"","background-repeat":"repeat","background-position":"center center","background-size":"auto","background-attachment":"scroll","background-type":"","background-media":"","overlay-type":"","overlay-color":"","overlay-opacity":"","overlay-gradient":""},"mobile":{"background-color":"var(--ast-global-color-5)","background-image":"","background-repeat":"repeat","background-position":"center center","background-size":"auto","background-attachment":"scroll","background-type":"","background-media":"","overlay-type":"","overlay-color":"","overlay-opacity":"","overlay-gradient":""}},"footnotes":""},"categories":[258],"tags":[],"class_list":["post-29268","post","type-post","status-publish","format-standard","hentry","category-centre-nature-thurauen"],"_links":{"self":[{"href":"https:\/\/naturzentrum-thurauen.ch\/fr\/wp-json\/wp\/v2\/posts\/29268","targetHints":{"allow":["GET"]}}],"collection":[{"href":"https:\/\/naturzentrum-thurauen.ch\/fr\/wp-json\/wp\/v2\/posts"}],"about":[{"href":"https:\/\/naturzentrum-thurauen.ch\/fr\/wp-json\/wp\/v2\/types\/post"}],"author":[{"embeddable":true,"href":"https:\/\/naturzentrum-thurauen.ch\/fr\/wp-json\/wp\/v2\/users\/11"}],"replies":[{"embeddable":true,"href":"https:\/\/naturzentrum-thurauen.ch\/fr\/wp-json\/wp\/v2\/comments?post=29268"}],"version-history":[{"count":3,"href":"https:\/\/naturzentrum-thurauen.ch\/fr\/wp-json\/wp\/v2\/posts\/29268\/revisions"}],"predecessor-version":[{"id":29299,"href":"https:\/\/naturzentrum-thurauen.ch\/fr\/wp-json\/wp\/v2\/posts\/29268\/revisions\/29299"}],"wp:attachment":[{"href":"https:\/\/naturzentrum-thurauen.ch\/fr\/wp-json\/wp\/v2\/media?parent=29268"}],"wp:term":[{"taxonomy":"category","embeddable":true,"href":"https:\/\/naturzentrum-thurauen.ch\/fr\/wp-json\/wp\/v2\/categories?post=29268"},{"taxonomy":"post_tag","embeddable":true,"href":"https:\/\/naturzentrum-thurauen.ch\/fr\/wp-json\/wp\/v2\/tags?post=29268"}],"curies":[{"name":"wp","href":"https:\/\/api.w.org\/{rel}","templated":true}]}}